{"id":12359,"date":"2025-03-03T11:28:16","date_gmt":"2025-03-03T11:28:16","guid":{"rendered":"https:\/\/arqueogriegos.iatext.ulpgc.es\/index.php\/2025\/03\/03\/museo-arqueologico-de-ioanina\/"},"modified":"2025-03-05T09:45:14","modified_gmt":"2025-03-05T09:45:14","slug":"museo-arqueologico-de-ioanina","status":"publish","type":"post","link":"https:\/\/arqueogriegos.iatext.ulpgc.es\/index.php\/2025\/03\/03\/museo-arqueologico-de-ioanina\/","title":{"rendered":"MUSEO ARQUEOL\u00d3GICO DE IO\u00c1NINA"},"content":{"rendered":"<p>El museo se encuentra situado en el n\u00famero 6 de la Plaza del 25 de marzo, en el centro de la ciudad de Io\u00e1nnina.<\/p>\n<p>Fue construido entre 1963 y 1966 de acuerdo con el proyecto del arquitecto griego \u0386\u03c1\u03b7\u03c2 \u039a\u03c9\u03bd\u03c3\u03c4\u03b1\u03bd\u03c4\u03b9\u03bd\u03af\u03b4\u03b7\u03c2. El principal objetivo del museo era cobijar los tesoros arqueol\u00f3gicos del \u00c9piro desde la antig\u00fcedad hasta los tiempos postbizantinos, as\u00ed como la colecci\u00f3n de obras de los pintores griegos de los siglos XIX y XX. S\u00f3lo a partir de 1999 el museo se dedic\u00f3, \u00fanica y exclusivamente a la exposici\u00f3n de antig\u00fcedades arqueol\u00f3gicas hasta la \u00e9poca romana, traslad\u00e1ndose los tesoros bizantinos y las pinturas a otros museos. El 1 de agosto de 1970 abri\u00f3 el museo sus puertas al p\u00fablico. Desde el 2003 hasta el 2008 el museo permaneci\u00f3 cerrado con objeto de actualizarse y reestructurarse de forma total. La colecci\u00f3n consta de 3.000 piezas pertenecientes a todo el \u00c9piro. El museo consta de siete salas, el pasillo central y tres patios al aire libre con una superficie total de exposici\u00f3n de 1.200 m2. Los hallazgos cubren un gran periodo de tiempo desde la primera aparici\u00f3n del hombre en el \u00c9piro hace 250.000 a\u00f1os hasta finales del periodo romano (s. III d.C.). Importancia especial tienen los hallazgos correspondientes al santuario de D\u00f3dona. En el pasillo central se expone un cronograma hist\u00f3rico en el que aparecen los hechos m\u00e1s significativos acontecidos en el \u00c9piro al igual que la situaci\u00f3n de los m\u00e1s importantes yacimientos arqueol\u00f3gicos. Los tres patios contienen elementos arquitect\u00f3nicos de toda la regi\u00f3n del \u00c9piro. SALA 1. Est\u00e1 dedicada al \u00c9piro prehist\u00f3rico. SALA 2. Est\u00e1 dedicada a la organizaci\u00f3n pol\u00edtica y administrativa del \u00c9piro. SALA 3. Est\u00e1 dedicada a los E\u00e1cidas, los reyes de los molosos. Las piezas m\u00e1s importantes de la sala son: Una copia romana de una cabeza de Pirro de un original helen\u00edstico de finales del siglo III o principios del II a.C.  Decreto de Alketas encontrado en una estela en la Acr\u00f3polis de Atenas del 373 a.C.  SALA 4. Est\u00e1 dedicada a la vida diaria de los epirotas. Entre Los objetos m\u00e1s importantes est\u00e1n: Casco de bronce de la casa H de Bitsas Zagoriou. Tiene forma de gorro frigio. Pertenece a la segunda mitad del siglo IV a.C. Jarra de terracota del Nekromanteion. Su ancho labio est\u00e1 decorado con un grabado lineal. Su exterior presenta una decoraci\u00f3n vegetal de color blanco. Siglo III a.C.  SALA 5. Dedicada a los hallazgos arqueol\u00f3gicos relacionados con la muerte. Entre los hallazgos m\u00e1s importantes est\u00e1n: Jarras de bronce con boca en forma de pico de ave encontrada en el cementerio sur de Bitsas Zagoriou, en el nom\u00f3s de Io\u00e1nina. Su altura es de 0,315 m. Est\u00e1 datado como perteneciente al periodo 540 \u2013 520 a.C.   El llamado le\u00f3n de Michalitsi, del nom\u00f3s de Pr\u00e9vesa. Se trata de una escultura funeraria de m\u00e1rmol que representa a un le\u00f3n con una rica melena. Sus dimensiones son de 1,05 x 0,65 m. Pertenece a la segunda mitad del siglo IV a.C. Estela funeraria de piedra caliza encontrada en Plesia, nom\u00f3s de Io\u00e1nina. Presenta una decoraci\u00f3n con im\u00e1genes y vegetales ordenada en cinco bandas horizontales, as\u00ed como el nombre y el patron\u00edmico del difunto. Sus dimensiones son de 1,52 x 0,58 x 0,15 m. Finales del siglo III a.C. o principios del siglo II a.C. SALA 6. Dedicada a la \u00e9poca romana. SALA 7. Dedicada al santuario de Dodona. Entre los objetos m\u00e1s importantes est\u00e1n: Una figurita de bronce de un guerrero de la primera mitad del siglo VIII a.C. con pica, escudo (faltan) y casco que adornaba, junto con otras figuritas, el borde de un caldero sobre un tr\u00edpode. Una cabeza de bronce de un grifo de la primera mitad del siglo VII a.C. que junto con otras figuritas adornaba el borde de un caldero sobre un tr\u00edpode.  Figuritas de broce de hoplitas corriendo. Obras de un taller del Peloponeso de alrededor del 530 a.C. \u00c1guila de bronce de 7 cm de altura perteneciente a la parte superior de la empu\u00f1adura de un cetro que empu\u00f1aba Zeus entronizado. Obra del siglo V a.C. Una estatuilla de bronce de un muchacho con una paloma en la mano de finales del siglo IV a.C. Su altura es de 16 cm. Una estatuilla de bronce de un muchacho con una pelota en la mano de finales del siglo IV a.C. o principios del siglo III a.C.  Empu\u00f1adura de bronce de una espada de la estatua de un general con forma de cabeza de \u00e1guila. Quiz\u00e1s obra del broncista \u0391\u03b8\u03b7\u03bd\u03bf\u03b3\u03ad\u03bd\u03b7\u03c2 de Argos. Encontrada en el Bouleuterion de Dodona.  Finales del siglo III a.C. \u2013 primera mitad del siglo II a.C.  Empu\u00f1adura de bronce de una espada de la estatua de un general con forma de cabeza de pantera. Quiz\u00e1s obra del broncista \u0391\u03b8\u03b7\u03bd\u03bf\u03b3\u03ad\u03bd\u03b7\u03c2 de Argos. Encontrada en el Bouleuterion de Dodona.  Finales del siglo III a.C. \u2013 primera mitad del siglo II a.C.<\/p>\n\n\n<h2 class=\"wp-block-heading\">FOTOGRAF\u00cdAS<\/h2>\n\n\n\n<figure class=\"wp-block-gallery has-nested-images columns-default is-cropped wp-block-gallery-1 is-layout-flex wp-block-gallery-is-layout-flex\">\n<figure class=\"wp-block-image size-large\"><img fetchpriority=\"high\" decoding=\"async\" width=\"2000\" height=\"1500\" data-id=\"14479\" src=\"https:\/\/arqueogriegos.iatext.ulpgc.es\/wp-content\/uploads\/2025\/03\/captioned_Diapo-1.1-Museo-Arqueologico.jpg\" alt=\"\" class=\"wp-image-14479\"\/><\/figure>\n\n\n\n<figure class=\"wp-block-image size-large\"><img decoding=\"async\" width=\"4320\" height=\"3240\" data-id=\"14492\" src=\"https:\/\/arqueogriegos.iatext.ulpgc.es\/wp-content\/uploads\/2025\/03\/captioned_Diapo-1.2-El-Museo-Arqueologico.jpg\" alt=\"\" class=\"wp-image-14492\"\/><\/figure>\n\n\n\n<figure class=\"wp-block-image size-large\"><img decoding=\"async\" width=\"4320\" height=\"3240\" data-id=\"14491\" src=\"https:\/\/arqueogriegos.iatext.ulpgc.es\/wp-content\/uploads\/2025\/03\/captioned_Diapo-1.3-El-Museo-Arqueologico.jpg\" alt=\"\" class=\"wp-image-14491\"\/><\/figure>\n\n\n\n<figure class=\"wp-block-image size-large\"><img loading=\"lazy\" decoding=\"async\" width=\"1858\" height=\"3091\" data-id=\"14480\" src=\"https:\/\/arqueogriegos.iatext.ulpgc.es\/wp-content\/uploads\/2025\/03\/captioned_Diapo-1.5-Cabeza-de-Pirro.jpg\" alt=\"\" class=\"wp-image-14480\"\/><\/figure>\n\n\n\n<figure class=\"wp-block-image size-large\"><img loading=\"lazy\" decoding=\"async\" width=\"2998\" height=\"3219\" data-id=\"14490\" src=\"https:\/\/arqueogriegos.iatext.ulpgc.es\/wp-content\/uploads\/2025\/03\/captioned_Diapo-1.6-Decreto-de-Alketas.jpg\" alt=\"\" class=\"wp-image-14490\"\/><\/figure>\n\n\n\n<figure class=\"wp-block-image size-large\"><img loading=\"lazy\" decoding=\"async\" width=\"4320\" height=\"3240\" data-id=\"14488\" src=\"https:\/\/arqueogriegos.iatext.ulpgc.es\/wp-content\/uploads\/2025\/03\/captioned_Diapo-1.7-Casco-con-forma-de-gorro-frigio.jpg\" alt=\"\" class=\"wp-image-14488\"\/><\/figure>\n\n\n\n<figure class=\"wp-block-image size-large\"><img loading=\"lazy\" decoding=\"async\" width=\"1904\" height=\"3175\" data-id=\"14484\" src=\"https:\/\/arqueogriegos.iatext.ulpgc.es\/wp-content\/uploads\/2025\/03\/captioned_Diapo-1.8-Jarra-de-bronce.jpg\" alt=\"\" class=\"wp-image-14484\"\/><\/figure>\n\n\n\n<figure class=\"wp-block-image size-large\"><img loading=\"lazy\" decoding=\"async\" width=\"2202\" height=\"3156\" data-id=\"14485\" src=\"https:\/\/arqueogriegos.iatext.ulpgc.es\/wp-content\/uploads\/2025\/03\/captioned_Diapo-1.9-Jarra-de-bronce.jpg\" alt=\"\" class=\"wp-image-14485\"\/><\/figure>\n\n\n\n<figure class=\"wp-block-image size-large\"><img loading=\"lazy\" decoding=\"async\" width=\"4320\" height=\"3240\" data-id=\"14493\" src=\"https:\/\/arqueogriegos.iatext.ulpgc.es\/wp-content\/uploads\/2025\/03\/captioned_Diapo-1.10-Leon-de-Michalitsi.jpg\" alt=\"\" class=\"wp-image-14493\"\/><\/figure>\n\n\n\n<figure class=\"wp-block-image size-large\"><img loading=\"lazy\" decoding=\"async\" width=\"1890\" height=\"3363\" data-id=\"14487\" src=\"https:\/\/arqueogriegos.iatext.ulpgc.es\/wp-content\/uploads\/2025\/03\/captioned_Diapo-1.11-Estela.jpg\" alt=\"\" class=\"wp-image-14487\"\/><\/figure>\n\n\n\n<figure class=\"wp-block-image size-large\"><img loading=\"lazy\" decoding=\"async\" width=\"939\" height=\"1458\" data-id=\"14475\" src=\"https:\/\/arqueogriegos.iatext.ulpgc.es\/wp-content\/uploads\/2025\/03\/captioned_Diapo-1.12-Guerrero-del-siglo-VIII-a.C.jpg\" alt=\"\" class=\"wp-image-14475\"\/><\/figure>\n\n\n\n<figure class=\"wp-block-image size-large\"><img loading=\"lazy\" decoding=\"async\" width=\"1832\" height=\"4100\" data-id=\"14483\" src=\"https:\/\/arqueogriegos.iatext.ulpgc.es\/wp-content\/uploads\/2025\/03\/captioned_Diapo-1.13-Cabeza-de-grifo.jpg\" alt=\"\" class=\"wp-image-14483\"\/><\/figure>\n\n\n\n<figure class=\"wp-block-image size-large\"><img loading=\"lazy\" decoding=\"async\" width=\"1103\" height=\"1084\" data-id=\"14474\" src=\"https:\/\/arqueogriegos.iatext.ulpgc.es\/wp-content\/uploads\/2025\/03\/captioned_Diapo-1.14-Hoplita-corriendo.jpg\" alt=\"\" class=\"wp-image-14474\"\/><\/figure>\n\n\n\n<figure class=\"wp-block-image size-large\"><img loading=\"lazy\" decoding=\"async\" width=\"2485\" height=\"4303\" data-id=\"14486\" src=\"https:\/\/arqueogriegos.iatext.ulpgc.es\/wp-content\/uploads\/2025\/03\/captioned_Diapo-1.15-Hoplita-corriendo.jpg\" alt=\"\" class=\"wp-image-14486\"\/><\/figure>\n\n\n\n<figure class=\"wp-block-image size-large\"><img loading=\"lazy\" decoding=\"async\" width=\"2113\" height=\"2476\" data-id=\"14482\" src=\"https:\/\/arqueogriegos.iatext.ulpgc.es\/wp-content\/uploads\/2025\/03\/captioned_Diapo-1.16-Empunadura-de-cetro.jpg\" alt=\"\" class=\"wp-image-14482\"\/><\/figure>\n\n\n\n<figure class=\"wp-block-image size-large\"><img loading=\"lazy\" decoding=\"async\" width=\"1332\" height=\"1635\" data-id=\"14476\" src=\"https:\/\/arqueogriegos.iatext.ulpgc.es\/wp-content\/uploads\/2025\/03\/captioned_Diapo-1.17-Muchacho-con-paloma.jpg\" alt=\"\" class=\"wp-image-14476\"\/><\/figure>\n\n\n\n<figure class=\"wp-block-image size-large\"><img loading=\"lazy\" decoding=\"async\" width=\"1685\" height=\"1472\" data-id=\"14478\" src=\"https:\/\/arqueogriegos.iatext.ulpgc.es\/wp-content\/uploads\/2025\/03\/captioned_Diapo-1.18-Muchacho-con-pelota.jpg\" alt=\"\" class=\"wp-image-14478\"\/><\/figure>\n\n\n\n<figure class=\"wp-block-image size-large\"><img loading=\"lazy\" decoding=\"async\" width=\"2793\" height=\"3106\" data-id=\"14481\" src=\"https:\/\/arqueogriegos.iatext.ulpgc.es\/wp-content\/uploads\/2025\/03\/captioned_Diapo-1.19-Empunadura-de-espada.jpg\" alt=\"\" class=\"wp-image-14481\"\/><\/figure>\n\n\n\n<figure class=\"wp-block-image size-large\"><img loading=\"lazy\" decoding=\"async\" width=\"2898\" height=\"4004\" data-id=\"14489\" src=\"https:\/\/arqueogriegos.iatext.ulpgc.es\/wp-content\/uploads\/2025\/03\/captioned_Diapo-1.20-Empunadura-de-espada.jpg\" alt=\"\" class=\"wp-image-14489\"\/><\/figure>\n<\/figure>\n\n\n\n<hr class=\"wp-block-separator has-alpha-channel-opacity\"\/>\n\n\n\n<h2 class=\"wp-block-heading\">PLANOS<\/h2>\n\n\n\n<figure class=\"wp-block-gallery has-nested-images columns-default is-cropped wp-block-gallery-2 is-layout-flex wp-block-gallery-is-layout-flex\">\n<figure class=\"wp-block-image size-large\"><img loading=\"lazy\" decoding=\"async\" width=\"2824\" height=\"2113\" data-id=\"14477\" src=\"https:\/\/arqueogriegos.iatext.ulpgc.es\/wp-content\/uploads\/2025\/03\/captioned_Diapo-1.4-Planta-del-Museo.jpg\" alt=\"\" class=\"wp-image-14477\"\/><\/figure>\n<\/figure>\n","protected":false},"excerpt":{"rendered":"<p>El museo se encuentra situado en el n\u00famero 6 de la Plaza del 25 de marzo, en el centro de la ciudad de Io\u00e1nnina. Fue construido entre 1963 y 1966 de acuerdo con el proyecto del arquitecto griego \u0386\u03c1\u03b7\u03c2 \u039a\u03c9\u03bd\u03c3\u03c4\u03b1\u03bd\u03c4\u03b9\u03bd\u03af\u03b4\u03b7\u03c2. El principal objetivo del museo era cobijar los tesoros arqueol\u00f3gicos del \u00c9piro desde la antig\u00fcedad [&hellip;]<\/p>\n","protected":false},"author":1,"featured_media":14479,"comment_status":"open","ping_status":"open","sticky":false,"template":"","format":"standard","meta":{"footnotes":""},"categories":[5,8],"tags":[],"class_list":["post-12359","post","type-post","status-publish","format-standard","has-post-thumbnail","hentry","category-epiro","category-museo"],"_links":{"self":[{"href":"https:\/\/arqueogriegos.iatext.ulpgc.es\/index.php\/wp-json\/wp\/v2\/posts\/12359","targetHints":{"allow":["GET"]}}],"collection":[{"href":"https:\/\/arqueogriegos.iatext.ulpgc.es\/index.php\/wp-json\/wp\/v2\/posts"}],"about":[{"href":"https:\/\/arqueogriegos.iatext.ulpgc.es\/index.php\/wp-json\/wp\/v2\/types\/post"}],"author":[{"embeddable":true,"href":"https:\/\/arqueogriegos.iatext.ulpgc.es\/index.php\/wp-json\/wp\/v2\/users\/1"}],"replies":[{"embeddable":true,"href":"https:\/\/arqueogriegos.iatext.ulpgc.es\/index.php\/wp-json\/wp\/v2\/comments?post=12359"}],"version-history":[{"count":3,"href":"https:\/\/arqueogriegos.iatext.ulpgc.es\/index.php\/wp-json\/wp\/v2\/posts\/12359\/revisions"}],"predecessor-version":[{"id":14495,"href":"https:\/\/arqueogriegos.iatext.ulpgc.es\/index.php\/wp-json\/wp\/v2\/posts\/12359\/revisions\/14495"}],"wp:featuredmedia":[{"embeddable":true,"href":"https:\/\/arqueogriegos.iatext.ulpgc.es\/index.php\/wp-json\/wp\/v2\/media\/14479"}],"wp:attachment":[{"href":"https:\/\/arqueogriegos.iatext.ulpgc.es\/index.php\/wp-json\/wp\/v2\/media?parent=12359"}],"wp:term":[{"taxonomy":"category","embeddable":true,"href":"https:\/\/arqueogriegos.iatext.ulpgc.es\/index.php\/wp-json\/wp\/v2\/categories?post=12359"},{"taxonomy":"post_tag","embeddable":true,"href":"https:\/\/arqueogriegos.iatext.ulpgc.es\/index.php\/wp-json\/wp\/v2\/tags?post=12359"}],"curies":[{"name":"wp","href":"https:\/\/api.w.org\/{rel}","templated":true}]}}